{"id":2081,"date":"2010-03-24T09:19:18","date_gmt":"2010-03-24T08:19:18","guid":{"rendered":"http:\/\/blog.starocotes.de\/?p=2081"},"modified":"2010-03-24T09:19:18","modified_gmt":"2010-03-24T08:19:18","slug":"wepad","status":"publish","type":"post","link":"https:\/\/blog.starocotes.de\/index.php\/2010\/03\/24\/wepad\/","title":{"rendered":"WePad"},"content":{"rendered":"<p><a href=\"http:\/\/blog.starocotes.de\/wp-content\/uploads\/2010\/03\/wepad.jpeg\"><img loading=\"lazy\" decoding=\"async\" src=\"http:\/\/blog.starocotes.de\/wp-content\/uploads\/2010\/03\/wepad-300x203.jpg\" alt=\"\" title=\"wepad\" width=\"300\" height=\"203\" class=\"alignright size-medium wp-image-2082\" srcset=\"https:\/\/blog.starocotes.de\/wp-content\/uploads\/2010\/03\/wepad-300x203.jpg 300w, https:\/\/blog.starocotes.de\/wp-content\/uploads\/2010\/03\/wepad-1023x695.jpg 1023w, https:\/\/blog.starocotes.de\/wp-content\/uploads\/2010\/03\/wepad.jpeg 1288w\" sizes=\"auto, (max-width: 300px) 100vw, 300px\" \/><\/a>Das iPad von Apple ist noch nicht einmal erschienen und schon wollen es andere, besser, sch\u00f6ner aber vor allem billiger machen. Das <a href=\"http:\/\/wepad.mobi\/\">WePad<\/a> hat sich viel vorgenommen und die Mockups sehen auch gar nicht mal schlecht aus. Allerdings bleibt fraglich ob das Ger\u00e4t selbst als Nischenprodukt eine Chance hat. Ich gehe mal davon aus, dass das Ger\u00e4t und das darauf laufende Linux aufeinander abgestimmt wurden, aber eine solche Integration wie sie Apple mit ihrem iPad bereits geschafft hat kann man einem kleinen Unternehmen wohl kaum zutrauen. Das d\u00fcrft in jedem Fall auf Kosten der Performance sowie der Stabilit\u00e4t gehen. Zudem fehlt da die Infrastruktur des iTunes Stores und das AppStores, so dass selbst die Unterst\u00fctzung von Adobe Flash und USB Ports sowie SD Karten Slots nicht wirklich helfen werden.<br \/>\nIn jedem Fall hat Apple hier einen Markt angesto\u00dfen, genauso wie sie es mit dem iPhone getan haben. Genau wie beim iPhone wird sich der Markt verbreitern, aber es d\u00fcrfte auf absehbare Zeit klar sein wer diesen Markt beherrschen wird.<\/p>\n","protected":false},"excerpt":{"rendered":"<p>Das iPad von Apple ist noch nicht einmal erschienen und schon wollen es andere, besser, sch\u00f6ner aber vor allem billiger machen. Das WePad hat sich viel vorgenommen und die Mockups sehen auch gar nicht mal schlecht aus. Allerdings bleibt fraglich ob das Ger\u00e4t selbst als Nischenprodukt eine Chance hat. Ich gehe mal davon aus, dass <a class=\"more-link\" href=\"https:\/\/blog.starocotes.de\/index.php\/2010\/03\/24\/wepad\/\">weiterlesen&#8230;<\/a><\/p>\n","protected":false},"author":1,"featured_media":0,"comment_status":"open","ping_status":"open","sticky":false,"template":"","format":"standard","meta":{"footnotes":""},"categories":[8,7],"tags":[],"class_list":["post-2081","post","type-post","status-publish","format-standard","hentry","category-it","category-medien"],"jetpack_featured_media_url":"","_links":{"self":[{"href":"https:\/\/blog.starocotes.de\/index.php\/wp-json\/wp\/v2\/posts\/2081","targetHints":{"allow":["GET"]}}],"collection":[{"href":"https:\/\/blog.starocotes.de\/index.php\/wp-json\/wp\/v2\/posts"}],"about":[{"href":"https:\/\/blog.starocotes.de\/index.php\/wp-json\/wp\/v2\/types\/post"}],"author":[{"embeddable":true,"href":"https:\/\/blog.starocotes.de\/index.php\/wp-json\/wp\/v2\/users\/1"}],"replies":[{"embeddable":true,"href":"https:\/\/blog.starocotes.de\/index.php\/wp-json\/wp\/v2\/comments?post=2081"}],"version-history":[{"count":3,"href":"https:\/\/blog.starocotes.de\/index.php\/wp-json\/wp\/v2\/posts\/2081\/revisions"}],"predecessor-version":[{"id":2085,"href":"https:\/\/blog.starocotes.de\/index.php\/wp-json\/wp\/v2\/posts\/2081\/revisions\/2085"}],"wp:attachment":[{"href":"https:\/\/blog.starocotes.de\/index.php\/wp-json\/wp\/v2\/media?parent=2081"}],"wp:term":[{"taxonomy":"category","embeddable":true,"href":"https:\/\/blog.starocotes.de\/index.php\/wp-json\/wp\/v2\/categories?post=2081"},{"taxonomy":"post_tag","embeddable":true,"href":"https:\/\/blog.starocotes.de\/index.php\/wp-json\/wp\/v2\/tags?post=2081"}],"curies":[{"name":"wp","href":"https:\/\/api.w.org\/{rel}","templated":true}]}}