{"id":3158,"date":"2012-05-22T07:00:18","date_gmt":"2012-05-22T05:00:18","guid":{"rendered":"http:\/\/blog.starocotes.de\/?p=3158"},"modified":"2012-05-28T10:09:50","modified_gmt":"2012-05-28T08:09:50","slug":"avengers-assemble-3","status":"publish","type":"post","link":"https:\/\/blog.starocotes.de\/index.php\/2012\/05\/22\/avengers-assemble-3\/","title":{"rendered":"Avengers Assemble #3"},"content":{"rendered":"<p><a href=\"http:\/\/www.comixology.com\/Avengers-Assemble-3\/digital-comic\/MAR120548\"><img loading=\"lazy\" decoding=\"async\" src=\"http:\/\/blog.starocotes.de\/wp-content\/uploads\/2012\/05\/IMG_0097.PNG-2-225x300.png\" alt=\"\" title=\"IMG_0097.PNG (2)\" width=\"225\" height=\"300\" class=\"alignright size-medium wp-image-3160\" srcset=\"https:\/\/blog.starocotes.de\/wp-content\/uploads\/2012\/05\/IMG_0097.PNG-2-225x300.png 225w, https:\/\/blog.starocotes.de\/wp-content\/uploads\/2012\/05\/IMG_0097.PNG-2.png 768w\" sizes=\"auto, (max-width: 225px) 100vw, 225px\" \/><\/a>Das man zum Avengers Film nat\u00fcrlich auch ein Comic mit genau den Protagonisten am Start haben wollte ist nur nat\u00fcrlich, das dies dann im Haupt Marvel Universum passiert hatte ich nicht wirklich erwartet. Was Bendis und Bagley hier abliefern ist okay, mehr aber auch nicht. Es gibt das \u00fcbliche verbale Gepl\u00e4nkel zwischen den Helden und ansonsten einiges an Action, die aber sehr hinausgez\u00f6gert wird. Selbst im dritten Heft ist erst zum Ende absehbar wohin das ganze fuehren soll und vorher gibt es einfach nur viel Gepruegel.<br \/>\nAllerdings macht das Ende dann doch Lust darum weiter zu lesen.<br \/>\nWas mich aber entt\u00e4uscht ist das die Zeichnungen von Bagley in meinen Augen auch mal besser waren. Viele Panels sehen genial aus, aber oft hat man auch das Gef\u00fchl er w\u00e4re nicht rechtzeitig fertig geworden oder aber die Proportionen sind irgendwie verunglueckt.<br \/>\nWer ehe auf Action steht sollte zugreifen, aber ich denke nicht das dieses Comic was f\u00fcr Einsteiger ist die gerade aus dem Film kommen.<\/p>\n","protected":false},"excerpt":{"rendered":"<p>Das man zum Avengers Film nat\u00fcrlich auch ein Comic mit genau den Protagonisten am Start haben wollte ist nur nat\u00fcrlich, das dies dann im Haupt Marvel Universum passiert hatte ich nicht wirklich erwartet. Was Bendis und Bagley hier abliefern ist okay, mehr aber auch nicht. Es gibt das \u00fcbliche verbale Gepl\u00e4nkel zwischen den Helden und <a class=\"more-link\" href=\"https:\/\/blog.starocotes.de\/index.php\/2012\/05\/22\/avengers-assemble-3\/\">weiterlesen&#8230;<\/a><\/p>\n","protected":false},"author":1,"featured_media":0,"comment_status":"open","ping_status":"open","sticky":false,"template":"","format":"standard","meta":{"footnotes":""},"categories":[3],"tags":[143,144,50,496],"class_list":["post-3158","post","type-post","status-publish","format-standard","hentry","category-comics","tag-avengers","tag-brian-michael-bendis","tag-iron-man","tag-mark-bagley"],"jetpack_featured_media_url":"","_links":{"self":[{"href":"https:\/\/blog.starocotes.de\/index.php\/wp-json\/wp\/v2\/posts\/3158","targetHints":{"allow":["GET"]}}],"collection":[{"href":"https:\/\/blog.starocotes.de\/index.php\/wp-json\/wp\/v2\/posts"}],"about":[{"href":"https:\/\/blog.starocotes.de\/index.php\/wp-json\/wp\/v2\/types\/post"}],"author":[{"embeddable":true,"href":"https:\/\/blog.starocotes.de\/index.php\/wp-json\/wp\/v2\/users\/1"}],"replies":[{"embeddable":true,"href":"https:\/\/blog.starocotes.de\/index.php\/wp-json\/wp\/v2\/comments?post=3158"}],"version-history":[{"count":3,"href":"https:\/\/blog.starocotes.de\/index.php\/wp-json\/wp\/v2\/posts\/3158\/revisions"}],"predecessor-version":[{"id":3211,"href":"https:\/\/blog.starocotes.de\/index.php\/wp-json\/wp\/v2\/posts\/3158\/revisions\/3211"}],"wp:attachment":[{"href":"https:\/\/blog.starocotes.de\/index.php\/wp-json\/wp\/v2\/media?parent=3158"}],"wp:term":[{"taxonomy":"category","embeddable":true,"href":"https:\/\/blog.starocotes.de\/index.php\/wp-json\/wp\/v2\/categories?post=3158"},{"taxonomy":"post_tag","embeddable":true,"href":"https:\/\/blog.starocotes.de\/index.php\/wp-json\/wp\/v2\/tags?post=3158"}],"curies":[{"name":"wp","href":"https:\/\/api.w.org\/{rel}","templated":true}]}}