{"id":379,"date":"2008-10-28T08:00:23","date_gmt":"2008-10-28T06:00:23","guid":{"rendered":"http:\/\/blog.starocotes.de\/?p=379"},"modified":"2008-10-27T16:04:23","modified_gmt":"2008-10-27T14:04:23","slug":"iron-man-extremis","status":"publish","type":"post","link":"https:\/\/blog.starocotes.de\/index.php\/2008\/10\/28\/iron-man-extremis\/","title":{"rendered":"Iron Man: Extremis"},"content":{"rendered":"<p><a href=\"http:\/\/blog.starocotes.de\/wp-content\/uploads\/2008\/10\/extremis.jpg\"><img loading=\"lazy\" decoding=\"async\" src=\"http:\/\/blog.starocotes.de\/wp-content\/uploads\/2008\/10\/extremis-300x300.jpg\" alt=\"\" title=\"extremis\" width=\"300\" height=\"300\" class=\"alignnone size-medium wp-image-399\" align=\"right\" srcset=\"https:\/\/blog.starocotes.de\/wp-content\/uploads\/2008\/10\/extremis-300x300.jpg 300w, https:\/\/blog.starocotes.de\/wp-content\/uploads\/2008\/10\/extremis-150x150.jpg 150w, https:\/\/blog.starocotes.de\/wp-content\/uploads\/2008\/10\/extremis.jpg 500w\" sizes=\"auto, (max-width: 300px) 100vw, 300px\" \/><\/a>Nachdem ich ja mit der neuen <a href=\"http:\/\/blog.starocotes.de\/index.php\/2008\/10\/19\/iron-man-die-funf-albtraume\/\">Iron Man Serie begonnen hatte<\/a> und da dann feststellen musste das sich einige Dinge doch erheblich sowohl vom Film, aber auch von dem was mir noch aus meiner &#8222;Marvel Zeit&#8220; bekannt war unterschied, habe ich versucht einiges davon nachzuholen. Dazu stand als erstes &#8222;Extremis&#8220; auf der Liste. Dies wurde in der neuen Serie nur kurz erw\u00e4hnt, mich interessierte aber doch was genau dieses &#8222;Extremis&#8220; nun ist. <\/p>\n<p>Die &#8222;andere&#8220; Iron Man Serie fing mit einer 6 teiligen Geschichte an die, man ahnt es schon, &#8222;Extremis&#8220; hei\u00dft und somit war klar das ich mir das entsprechende Tradepaperback besorgen musste. Geschrieben ist das ganze von Warren Ellis, der mir schon gut aus Stormwatch bzw. Authority Zeiten bekannt war. Der Zeichner, <a href=\"http:\/\/www.adigranov.net\">Adi Granov<\/a>, sagte mir allerdings nichts.<\/p>\n<p>Wie man auf seiner Webseite sehen kann ist Adi Granov wirklich ein K\u00fcnstler. Die computercolorierten Kunstwerke sind au\u00dfergew\u00f6hnlich und es ist schade das er ansonsten prim\u00e4r f\u00fcr Covers zust\u00e4ndig ist. Nicht umsonst hat er auch am Design des Film Iron Man mitgewirkt.<\/p>\n<p>Die Story ist, wie von Ellis nicht anders zu erwarten, sehr politisch, dabei aber weder polarisierend noch einfach gestrickt und man bekommt auch keine Antworten vorgesetzt sondern eher Fragen. Vor allem Interessant ist das Interview eines Dokumentarfilmers der auf die Schrecken des Krieges hinweisen will mit dem Waffenproduzenten Tony Stark. <\/p>\n<p>Die Nutzung von Extremis um dem sowieso schon kontrollw\u00fctigen Tony in dieser Beziehung noch viel mehr M\u00f6glichkeiten zu geben ist hervoragend umgesetzt und l\u00e4sst die 5 Albtr\u00e4ume und vor allem Civil War in ganz neuem Licht erscheinen. Diese Geschichte ist ein weiterer Grund f\u00fcr mich die Hefte um Tony Stark so langsam zu kompletieren.<\/p>\n","protected":false},"excerpt":{"rendered":"<p>Nachdem ich ja mit der neuen Iron Man Serie begonnen hatte und da dann feststellen musste das sich einige Dinge doch erheblich sowohl vom Film, aber auch von dem was mir noch aus meiner &#8222;Marvel Zeit&#8220; bekannt war unterschied, habe ich versucht einiges davon nachzuholen. Dazu stand als erstes &#8222;Extremis&#8220; auf der Liste. Dies wurde <a class=\"more-link\" href=\"https:\/\/blog.starocotes.de\/index.php\/2008\/10\/28\/iron-man-extremis\/\">weiterlesen&#8230;<\/a><\/p>\n","protected":false},"author":1,"featured_media":0,"comment_status":"open","ping_status":"open","sticky":false,"template":"","format":"standard","meta":{"footnotes":""},"categories":[3],"tags":[],"class_list":["post-379","post","type-post","status-publish","format-standard","hentry","category-comics"],"jetpack_featured_media_url":"","_links":{"self":[{"href":"https:\/\/blog.starocotes.de\/index.php\/wp-json\/wp\/v2\/posts\/379","targetHints":{"allow":["GET"]}}],"collection":[{"href":"https:\/\/blog.starocotes.de\/index.php\/wp-json\/wp\/v2\/posts"}],"about":[{"href":"https:\/\/blog.starocotes.de\/index.php\/wp-json\/wp\/v2\/types\/post"}],"author":[{"embeddable":true,"href":"https:\/\/blog.starocotes.de\/index.php\/wp-json\/wp\/v2\/users\/1"}],"replies":[{"embeddable":true,"href":"https:\/\/blog.starocotes.de\/index.php\/wp-json\/wp\/v2\/comments?post=379"}],"version-history":[{"count":9,"href":"https:\/\/blog.starocotes.de\/index.php\/wp-json\/wp\/v2\/posts\/379\/revisions"}],"predecessor-version":[{"id":513,"href":"https:\/\/blog.starocotes.de\/index.php\/wp-json\/wp\/v2\/posts\/379\/revisions\/513"}],"wp:attachment":[{"href":"https:\/\/blog.starocotes.de\/index.php\/wp-json\/wp\/v2\/media?parent=379"}],"wp:term":[{"taxonomy":"category","embeddable":true,"href":"https:\/\/blog.starocotes.de\/index.php\/wp-json\/wp\/v2\/categories?post=379"},{"taxonomy":"post_tag","embeddable":true,"href":"https:\/\/blog.starocotes.de\/index.php\/wp-json\/wp\/v2\/tags?post=379"}],"curies":[{"name":"wp","href":"https:\/\/api.w.org\/{rel}","templated":true}]}}