{"id":5625,"date":"2015-04-17T12:35:40","date_gmt":"2015-04-17T10:35:40","guid":{"rendered":"http:\/\/blog.starocotes.de\/?p=5625"},"modified":"2015-04-17T10:04:55","modified_gmt":"2015-04-17T08:04:55","slug":"offener-brief-an-frau-sibylle-pfeiffer-bzgl-hoechstspeicherfristen-fuer-verkehrsdaten","status":"publish","type":"post","link":"https:\/\/blog.starocotes.de\/index.php\/2015\/04\/17\/offener-brief-an-frau-sibylle-pfeiffer-bzgl-hoechstspeicherfristen-fuer-verkehrsdaten\/","title":{"rendered":"Offener Brief an Frau Sibylle Pfeiffer bzgl. H\u00f6chstspeicherfristen f\u00fcr Verkehrsdaten"},"content":{"rendered":"<p>Sehr geehrte Frau Pfeiffer<\/p>\n<p>als die f\u00fcr mich zust\u00e4ndige Bundestagsabgeordnete wende ich mich mit einer dringenden Bitte an Sie.<\/p>\n<p>Aus den Medien habe ich entnommen das die Regierung trotz zweier gegenteilig lautender Gerichtsurteile erneut versucht ein Gesetz zur Vorratsdatenspeicherung zu beschliessen.<\/p>\n<p>Als IT Leiter eines mittelst\u00e4ndigen Unternehmens und auch privatem Interesse an IT Themen bin ich zum Einen mit den technischen Gegebenheiten diversen Telekomunikationseinrichtugen vertraut zum Anderen muss ich mich zwangsl\u00e4ufig auch mit den M\u00f6glichkeiten und Gefahren des Datenschutzes besch\u00e4ftigen.<\/p>\n<p>Als Vater zweier Kinder liegt mir wiederum die Sicherheit dieser und meiner gesamten Familie sehr am Herzen. Daher kann ich den Versuch eben diese Sicherheit zu erh\u00f6hen durchaus nachvollziehen. Im Falle der H\u00f6chstspeicherfristen &#8211; die letztendlich doch wieder eine Vorratsdatenspeicherung sind &#8211; sehe ich allerdings zwei grundlegene Probleme.<\/p>\n<p>Zum Einen ist der Eingriff in die Privatsph\u00e4re und somit die Einschr\u00e4nkung der B\u00fcrgerrechte zu gro\u00df. Eine verdachtsunabh\u00e4ngige Speicherung aller Verbindungen mit nur wenigen Ausnahmen stellt automatisch alle B\u00fcrger unter Generalverdacht die Kommunikationskan\u00e4le f\u00fcr illegale Aktivit\u00e4ten zu nutzen. Da technisch bedingt niemand f\u00fcr die Sicherheit der gesammelten Daten garantieren kann entsteht zudem eine Gef\u00e4hrdung in einem Ausma\u00df das aktuell noch niemand absch\u00e4tzen kann. Was passiert wenn die Daten in H\u00e4nde von Kriminellen fallen die diese dann ver\u00f6ffentlichen? Wenn die Verbindungsaufzeichnungen 10.000der B\u00fcrger pl\u00f6tzlich \u00f6ffentlich im Netz zug\u00e4nglich sind und diese dann in gro\u00dfem Stil missbraucht werden k\u00f6nnen? Wer kann mir garantieren das eins meiner Kinder unter einer massiven Verletzung seiner Privatsph\u00e4re zu leiden hat die nachtr\u00e4glich nicht wieder gut zu machen ist? Ein weiteres Problem ist eine sp\u00e4tere Ausweitung der Befugnisse durch staatliche Stellen, die dann gar nicht mehr unter der Kontrolle der jetzt verantwortlichen stehen.<\/p>\n<p>Zum Anderen hat sich in der Vergangenheit gezeigt das die Vorratsdatenspeicherung &#8211; selbst in einem viel gr\u00f6\u00dferen Ausma\u00df als die aktuell geplanten Mindestspeicherfristen &#8211; Straftaten weder verhindern noch in irgendeiner Weise signifikant zur Aufkl\u00e4rung beitragen. Die Terrorakte in Frankreich in diesem Jahr und in Norwegen in 2011 haben eindeutig gezeigt das eine Vorratsdatenspeicherung solche Straftaten weder verhindern kann noch konnte zur Aufkl\u00e4ren dieser Verbrechen beigetragen werden.<\/p>\n<p>Hinzu kommt das es technisch relativ einfach ist einer \u00dcberwachung zu entgehen, nun aber jeder der dies tut sich automatisch verd\u00e4chtig macht. Dies sch\u00fchrt zus\u00e4tzlich eine gewisse Paranoia die ich in einer offenen und demokratischen Gesellschaft als unertr\u00e4glich empfinde.<\/p>\n<p>Eine Vorratsdatenspeicherung alleine &#8211; selbst wenn sie wirksam w\u00e4re &#8211; w\u00e4re ein zu gro\u00dfer Eingriff in unserer aller B\u00fcrgerrechte. Die Tatsache das wieder und wieder gezeigt wurde das sie eben NICHT wirksam ist macht das neue Gesetz zu einem direkten Angriff auf unsere Demokratie.<\/p>\n<p>Ich m\u00f6chte Sie daher eindringlich bitten gegen den neuen Gesetzentwurft zu stimmen.<\/p>\n<p>Da die Anonymit\u00e4t des Internets immer eine gewisse Distanz und erlaubt bin ich auch gerne bereit ein Anliegen pers\u00f6nlich erneut vorzutragen wenn sie die n\u00e4chste B\u00fcrgersprechstunde in der Heimat abhalten.<\/p>\n<p>Mit freundlichem Gru\u00df<\/p>\n<p>Stefan Immel<\/p>\n","protected":false},"excerpt":{"rendered":"<p>Sehr geehrte Frau Pfeiffer als die f\u00fcr mich zust\u00e4ndige Bundestagsabgeordnete wende ich mich mit einer dringenden Bitte an Sie. Aus den Medien habe ich entnommen das die Regierung trotz zweier gegenteilig lautender Gerichtsurteile erneut versucht ein Gesetz zur Vorratsdatenspeicherung zu beschliessen. Als IT Leiter eines mittelst\u00e4ndigen Unternehmens und auch privatem Interesse an IT Themen bin <a class=\"more-link\" href=\"https:\/\/blog.starocotes.de\/index.php\/2015\/04\/17\/offener-brief-an-frau-sibylle-pfeiffer-bzgl-hoechstspeicherfristen-fuer-verkehrsdaten\/\">weiterlesen&#8230;<\/a><\/p>\n","protected":false},"author":1,"featured_media":0,"comment_status":"open","ping_status":"open","sticky":false,"template":"","format":"standard","meta":{"footnotes":""},"categories":[8,6],"tags":[931,932],"class_list":["post-5625","post","type-post","status-publish","format-standard","hentry","category-it","category-politik","tag-vds","tag-vorratsdatenspeicherung"],"jetpack_featured_media_url":"","_links":{"self":[{"href":"https:\/\/blog.starocotes.de\/index.php\/wp-json\/wp\/v2\/posts\/5625","targetHints":{"allow":["GET"]}}],"collection":[{"href":"https:\/\/blog.starocotes.de\/index.php\/wp-json\/wp\/v2\/posts"}],"about":[{"href":"https:\/\/blog.starocotes.de\/index.php\/wp-json\/wp\/v2\/types\/post"}],"author":[{"embeddable":true,"href":"https:\/\/blog.starocotes.de\/index.php\/wp-json\/wp\/v2\/users\/1"}],"replies":[{"embeddable":true,"href":"https:\/\/blog.starocotes.de\/index.php\/wp-json\/wp\/v2\/comments?post=5625"}],"version-history":[{"count":2,"href":"https:\/\/blog.starocotes.de\/index.php\/wp-json\/wp\/v2\/posts\/5625\/revisions"}],"predecessor-version":[{"id":5627,"href":"https:\/\/blog.starocotes.de\/index.php\/wp-json\/wp\/v2\/posts\/5625\/revisions\/5627"}],"wp:attachment":[{"href":"https:\/\/blog.starocotes.de\/index.php\/wp-json\/wp\/v2\/media?parent=5625"}],"wp:term":[{"taxonomy":"category","embeddable":true,"href":"https:\/\/blog.starocotes.de\/index.php\/wp-json\/wp\/v2\/categories?post=5625"},{"taxonomy":"post_tag","embeddable":true,"href":"https:\/\/blog.starocotes.de\/index.php\/wp-json\/wp\/v2\/tags?post=5625"}],"curies":[{"name":"wp","href":"https:\/\/api.w.org\/{rel}","templated":true}]}}