{"id":7067,"date":"2016-06-28T13:00:39","date_gmt":"2016-06-28T11:00:39","guid":{"rendered":"http:\/\/blog.starocotes.de\/?p=7067"},"modified":"2016-06-27T13:09:32","modified_gmt":"2016-06-27T11:09:32","slug":"the-wicked-the-divine-18-eng","status":"publish","type":"post","link":"https:\/\/blog.starocotes.de\/index.php\/2016\/06\/28\/the-wicked-the-divine-18-eng\/","title":{"rendered":"<img src=\"\/wp-content\/uploads\/2016\/06\/eng.png\"> The Wicked + The Divine #18 [eng]"},"content":{"rendered":"<p>Die Geschichte um die G\u00f6tter die nur 2 Jahre leben geht nun richtig weiter.<\/p>\n<p><a href=\"http:\/\/blog.starocotes.de\/wp-content\/uploads\/2016\/06\/014-The-Wicked-and-the-Divine-18.jpg\"><img loading=\"lazy\" decoding=\"async\" src=\"http:\/\/blog.starocotes.de\/wp-content\/uploads\/2016\/06\/014-The-Wicked-and-the-Divine-18-195x300.jpg\" alt=\"014 The Wicked and the Divine 18\" width=\"195\" height=\"300\" class=\"alignright size-medium wp-image-7068\" srcset=\"https:\/\/blog.starocotes.de\/wp-content\/uploads\/2016\/06\/014-The-Wicked-and-the-Divine-18-195x300.jpg 195w, https:\/\/blog.starocotes.de\/wp-content\/uploads\/2016\/06\/014-The-Wicked-and-the-Divine-18-768x1181.jpg 768w, https:\/\/blog.starocotes.de\/wp-content\/uploads\/2016\/06\/014-The-Wicked-and-the-Divine-18-666x1024.jpg 666w, https:\/\/blog.starocotes.de\/wp-content\/uploads\/2016\/06\/014-The-Wicked-and-the-Divine-18-247x380.jpg 247w, https:\/\/blog.starocotes.de\/wp-content\/uploads\/2016\/06\/014-The-Wicked-and-the-Divine-18.jpg 1332w\" sizes=\"auto, (max-width: 195px) 100vw, 195px\" \/><\/a><\/p>\n<p><strong>Autor:<\/strong> Kieron Gillen<br \/>\n<strong>Zeichner:<\/strong> Jamie McKelvie<br \/>\n<strong>Colorist:<\/strong> Matt Wilson<br \/>\n<strong>Letterer:<\/strong> Clayton Cowles<br \/>\n<strong>Kaufen:<\/strong> <a href=\"https:\/\/imagecomics.com\/comics\/releases\/the-wicked-the-divine-18\" target=\"_blank\">Image Comics<\/a><br \/>\n<strong>Bewertung:<\/strong> 4\/5<br \/>\n<!--more--><br \/>\nDas Laura &#8211; oder Persephone &#8211; nicht tot ist wurde ja schon im letzten Heft angedeutet und jetzt k\u00e4mpft sie zusammen mit Baphomet und Dionysus gegen Ananke und Woden die Sakhmet und Baal erfolgreich davon \u00fcberzeugen konnten das die anderen die &#8222;B\u00f6sen&#8220; sind. Es geht darum Morrigan und Minerva zu befreien was leider nicht ganz so reibungslos klappt.<br \/>\nWarum Persephone noch lebt wird nicht klar, aber warum sie stinksauer auf Ananke ist sehr wohl. Jetzt kennen wir alle G\u00f6tter, aber immer noch nicht was hinter der ganzen Geschichte steht und warum Ananke so handelt wie sie handelt.<\/p>\n<p>Das hier ist eher mein Gillen Comic da die Musik-Referenzen fehlen die ich zum Teil nicht verstehe. Eine durchaus komplexe und interessante Story mit immer noch vielen Geheimnissen die man nach und nach erkunden will. Hinzu kommt tolles Artwork von Jamie McKelvie mit ebensolchen Farben von Matt Wilson. Die Hintergrundgeschichten zu den einzelnen G\u00f6ttern in den letzten Heften war zwar durchaus interessant, aber lesen tue ich diese Reihe prim\u00e4r wegen der tollen Hauptstory.<\/p>\n","protected":false},"excerpt":{"rendered":"<p>Die Geschichte um die G\u00f6tter die nur 2 Jahre leben geht nun richtig weiter. Autor: Kieron Gillen Zeichner: Jamie McKelvie Colorist: Matt Wilson Letterer: Clayton Cowles Kaufen: Image Comics Bewertung: 4\/5<\/p>\n","protected":false},"author":1,"featured_media":7068,"comment_status":"open","ping_status":"open","sticky":false,"template":"","format":"image","meta":{"footnotes":""},"categories":[3,1261],"tags":[965,608,397,964,963],"class_list":["post-7067","post","type-post","status-publish","format-image","has-post-thumbnail","hentry","category-comics","category-comicseng","tag-clayton-cowles","tag-jamie-mckelvie","tag-kieron-gillen","tag-matt-wilson","tag-the-wicked-the-divine","post_format-post-format-image"],"jetpack_featured_media_url":"https:\/\/blog.starocotes.de\/wp-content\/uploads\/2016\/06\/014-The-Wicked-and-the-Divine-18.jpg","_links":{"self":[{"href":"https:\/\/blog.starocotes.de\/index.php\/wp-json\/wp\/v2\/posts\/7067","targetHints":{"allow":["GET"]}}],"collection":[{"href":"https:\/\/blog.starocotes.de\/index.php\/wp-json\/wp\/v2\/posts"}],"about":[{"href":"https:\/\/blog.starocotes.de\/index.php\/wp-json\/wp\/v2\/types\/post"}],"author":[{"embeddable":true,"href":"https:\/\/blog.starocotes.de\/index.php\/wp-json\/wp\/v2\/users\/1"}],"replies":[{"embeddable":true,"href":"https:\/\/blog.starocotes.de\/index.php\/wp-json\/wp\/v2\/comments?post=7067"}],"version-history":[{"count":3,"href":"https:\/\/blog.starocotes.de\/index.php\/wp-json\/wp\/v2\/posts\/7067\/revisions"}],"predecessor-version":[{"id":7071,"href":"https:\/\/blog.starocotes.de\/index.php\/wp-json\/wp\/v2\/posts\/7067\/revisions\/7071"}],"wp:featuredmedia":[{"embeddable":true,"href":"https:\/\/blog.starocotes.de\/index.php\/wp-json\/wp\/v2\/media\/7068"}],"wp:attachment":[{"href":"https:\/\/blog.starocotes.de\/index.php\/wp-json\/wp\/v2\/media?parent=7067"}],"wp:term":[{"taxonomy":"category","embeddable":true,"href":"https:\/\/blog.starocotes.de\/index.php\/wp-json\/wp\/v2\/categories?post=7067"},{"taxonomy":"post_tag","embeddable":true,"href":"https:\/\/blog.starocotes.de\/index.php\/wp-json\/wp\/v2\/tags?post=7067"}],"curies":[{"name":"wp","href":"https:\/\/api.w.org\/{rel}","templated":true}]}}